{"id":8460,"date":"2023-02-28T09:23:51","date_gmt":"2023-02-28T09:23:51","guid":{"rendered":"https:\/\/hawk-tech.io\/?p=8460"},"modified":"2023-02-28T09:29:14","modified_gmt":"2023-02-28T09:29:14","slug":"thibaud-chevalier-linterview-du-lundi-par-100media","status":"publish","type":"post","link":"https:\/\/hawk-tech.io\/fr\/thibaud-chevalier-linterview-du-lundi-par-100media\/","title":{"rendered":"Thibaud Chevalier, l&rsquo;interview du lundi par 100%Media"},"content":{"rendered":"<p><strong>Nouveau Managing Director France de Hawk, Thibaud Chevalier \u00e9tait r\u00e9cemment l&rsquo;invit\u00e9 du lundi de <a href=\"https:\/\/100media.themedialeader.fr\/\">100%Media<\/a>.<\/strong><\/p>\n<p><span style=\"font-weight: 400;\">Il dresse le bilan d&rsquo;une ann\u00e9e 2022 riche en nouvelles actualit\u00e9s et partage les d\u00e9fis \u00e0 venir pour 2023.<\/span><\/p>\n<p><span style=\"font-weight: 400;\">Croissance, positionnement, ambitions, vision du march\u00e9 publicitaire pour l&rsquo;ann\u00e9e \u00e0 venir&#8230; D\u00e9couvrez l\u2019interview.<\/span><\/p>\n<p>&nbsp;<\/p>\n<p><span style=\"font-weight: 400;\"><strong>100%Media :<\/strong> <strong>Vous avez \u00e9t\u00e9 nomm\u00e9 Managing Director France d\u00e9but janvier \u00e0 l\u2019occasion d\u2019un remaniement. Pourquoi avoir accept\u00e9 de rejoindre Hawk ?<\/strong><\/span><\/p>\n<p><span style=\"font-weight: 400;\">Thibaud Chevalier : Apr\u00e8s diff\u00e9rentes missions en r\u00e9gie publicitaire, principalement orient\u00e9es Sales et Programmatique, j\u2019avais cette envie de rejoindre une AdTech ayant un fort ADN plurim\u00e9dia. J\u2019ai eu la chance par le pass\u00e9 de travailler sur diff\u00e9rents m\u00e9dias et formats (TV lin\u00e9aire, AVOD, TVS, Audio) et c\u2019\u00e9tait quelque chose que je souhaitais retrouver dans mon prochain challenge. J\u2019ai toujours appr\u00e9ci\u00e9 cette compl\u00e9mentarit\u00e9 entre les diff\u00e9rents m\u00e9dias, je consid\u00e8re que c\u2019est une richesse.<\/span><\/p>\n<p><span style=\"font-weight: 400;\">De plus, le fait de rejoindre une French Tech avec une forte empreinte europ\u00e9enne constituait une motivation suppl\u00e9mentaire !<\/span><\/p>\n<p>&nbsp;<\/p>\n<p><strong>100%Media : Quelle vision avez-vous de la promotion 2023 de la French Tech 120 ?<\/strong><\/p>\n<p><span style=\"font-weight: 400;\">T.C. : Nous ne pouvons que saluer l\u2019initiative du programme French Tech 40\/120. C\u2019est une tr\u00e8s belle visibilit\u00e9 pour les initiatives fran\u00e7aises, notamment sur tous les domaines technologiques.<\/span><\/p>\n<p><span style=\"font-weight: 400;\">Pour y figurer, il faut combiner deux crit\u00e8res essentiels, \u00e0 savoir la r\u00e9alisation d\u2019une lev\u00e9e de fonds r\u00e9cente et une croissance soutenue sur ces trois derni\u00e8res ann\u00e9es. Nous remplissons largement le second crit\u00e8re. Toutefois, et depuis le lancement de la soci\u00e9t\u00e9, notre ambition a \u00e9t\u00e9 de nous d\u00e9velopper de mani\u00e8re totalement autonome, ce qui explique de ce fait l\u2019absence naturelle de Hawk dans ce beau palmar\u00e8s.<\/span><\/p>\n<p>&nbsp;<\/p>\n<p><strong>100%Media : Pensez-vous \u00e0 une entr\u00e9e en bourse ? Avez-vous des projets d\u2019acquisitions ?<\/strong><\/p>\n<p><span style=\"font-weight: 400;\">T.C. : Notre strat\u00e9gie est d\u2019abord de d\u00e9velopper notre propre produit et nos solutions, notamment autour de l\u2019omnicanalit\u00e9. Cela n\u00e9cessite forc\u00e9ment des investissements importants, essentiellement financiers et humains.<\/span><\/p>\n<p><span style=\"font-weight: 400;\">Pour illustrer ce propos, nous pouvons prendre l\u2019exemple de notre d\u00e9veloppement autour des nouveaux m\u00e9dias, comme le DOOH, le Digital Audio ou encore le lancement de nos solutions de mesure d\u2019impact. Nous avons naturellement fait le choix de porter ces d\u00e9veloppements gr\u00e2ce \u00e0 notre capacit\u00e9 organique d\u2019innovation. Notre volont\u00e9 est de rester souverains de nos solutions et d\u2019en ma\u00eetriser parfaitement toute la cha\u00eene de valeur.<\/span><\/p>\n<p><span style=\"font-weight: 400;\">Bien \u00e9videmment, si des opportunit\u00e9s se pr\u00e9sentent, cela ne nous emp\u00eachera pas de les \u00e9tudier avec attention.<\/span><\/p>\n<p>&nbsp;<\/p>\n<p><strong>100%Media : Quels bilans faites-vous de l\u2019ann\u00e9e 2022 ?<\/strong><\/p>\n<p><span style=\"font-weight: 400;\">T.C. : 2022 fut une tr\u00e8s belle ann\u00e9e pour Hawk, avec une croissance globale sup\u00e9rieure \u00e0 celle du march\u00e9 publicitaire (+50% de croissance en France en 2022). Ce fut une ann\u00e9e structurante, nous avons r\u00e9organis\u00e9 et renforc\u00e9 nos \u00e9quipes afin de toujours mieux accompagner nos clients. Pour cela, nous avons op\u00e9r\u00e9 une scission de nos activit\u00e9s SaaS et Managed, ainsi qu\u2019une verticalisation de notre offre avec l\u2019arriv\u00e9e d\u2019Industry Directors pour les secteurs Automobile et Retail\/FMCG.<\/span><\/p>\n<p>&nbsp;<\/p>\n<p><strong>100%Media : En transformant TabMo en Hawk en 2021, la volont\u00e9 \u00e9tait \u00ab de faire sa plateforme DSP vers l\u2019ensemble des m\u00e9dia num\u00e9riques \u00bb. O\u00f9 en \u00eates-vous ?<\/strong><\/p>\n<p><span style=\"font-weight: 400;\">T.C. : C\u2019est une r\u00e9alit\u00e9 et une r\u00e9ussite\u202f! Hawk se positionne d\u00e9sormais comme un acteur leader de la communication digitale omnicanale en Europe\u202f; nous sommes aujourd\u2019hui capables d\u2019activer tous les \u00e9crans via tous les formats.<\/span><\/p>\n<p><span style=\"font-weight: 400;\">Cette mont\u00e9e en puissance a commenc\u00e9 sur le mobile et desktop puis sur la vid\u00e9o, incontournable puisqu\u2019elle repr\u00e9sente d\u00e9sormais 50% du march\u00e9 du Display. Mais ce qui est marquant et a \u00e9t\u00e9 diff\u00e9renciant pour nous ces derni\u00e8res ann\u00e9es, c\u2019est notre agilit\u00e9 et notre volont\u00e9 de nous positionner sur les nouveaux m\u00e9dias.<\/span><\/p>\n<p><span style=\"font-weight: 400;\">Le meilleur exemple est l\u2019audio Digital, univers sur lequel Hawk s\u2019est positionn\u00e9 en pionnier d\u00e8s 2020, en contribuant \u00e0 sa mani\u00e8re au d\u00e9veloppement de nouveaux inventaires. Le DOOH est un second exemple et il commence d\u2019ailleurs \u00e0 prendre une place significative dans notre mix media. Plus r\u00e9cemment, nous avons \u00e9galement d\u00e9velopp\u00e9 le Gaming Ads et l\u2019In-gaming Ads, qui sont de formidables leviers compl\u00e9mentaires pour toucher des cibles difficiles \u00e0 atteindre avec des partenariats \u00e9diteurs exclusifs.<\/span><\/p>\n<p><span style=\"font-weight: 400;\">Tandis que notre industrie tend \u00e0 siloter et \u00e0 opposer les diff\u00e9rentes approches m\u00e9dia, notre conviction est tout autre. Nous sommes tous consommateurs de diff\u00e9rents m\u00e9dias \u00e0 diff\u00e9rents moments de la journ\u00e9e, et notre ambition chez Hawk est de rendre ces points de contacts compl\u00e9mentaires activables \u00e0 travers une seule et unique offre.<\/span><\/p>\n<p>&nbsp;<\/p>\n<p><strong>100%Media : Comment souhaitez-vous consolider ce double positionnement, \u00e0 la fois sur le SAAS (avec Hawk DSP) et sur le Managed (avec OMNI) ?<\/strong><\/p>\n<p><span style=\"font-weight: 400;\">T.C. : Nous proposons deux approches tr\u00e8s compl\u00e9mentaires, qui r\u00e9pondent \u00e0 ce m\u00eame besoin qu\u2019est l\u2019omnicanalit\u00e9.<\/span><\/p>\n<p><span style=\"font-weight: 400;\">D\u2019un c\u00f4t\u00e9, notre offre Hawk DSP en self-service, \u00e0 destination des organisations expertes, staff\u00e9es sur le trading. Nous offrons bien plus que les traditionnelles fonctionnalit\u00e9s d\u2019activations DSP, et avons notamment mis \u00e0 disposition des outils de m\u00e9diaplanning sur l\u2019audio et le DOOH. J\u2019en profite pour donner rendez-vous \u00e0 tous les traders du march\u00e9, car nous lan\u00e7ons \u00e0 partir du second trimestre la Hawk Academy, notre programme de certification pour continuer \u00e0 former tous les traders \u00e0 l\u2019activation omnicanale.<\/span><\/p>\n<p><span style=\"font-weight: 400;\">De l\u2019autre c\u00f4t\u00e9, notre offre OMNI dont l\u2019objectif est de proposer une cl\u00e9 d\u2019entr\u00e9e, un guichet unique \u00e0 nos clients avec des garanties de performance qui vont au-del\u00e0 de l\u2019achat au CPM.<\/span><\/p>\n<p><span style=\"font-weight: 400;\">Pour ces deux offres, \u00e0 la carte pour les clients, <strong>nous conservons un pilier commun : notre accompagnement<\/strong>. C\u2019est en effet une des caract\u00e9ristiques de Hawk, contrairement \u00e0 d\u2019autres plateformes internationales : notre ADN technologique ne nous emp\u00eache pas d\u2019avoir des marqueurs tr\u00e8s forts sur l\u2019accompagnement, la personnalisation et le service client. Nous proposons des \u00e9quipes techniques en support d\u2019une part, et des \u00e9quipes d\u00e9di\u00e9es \u00e0 la cr\u00e9ation de formats et \u00e0 l\u2019accompagnement via des \u00e9tudes et des insights d\u2019autre part. C\u2019est une r\u00e9elle force.<\/span><\/p>\n<p>&nbsp;<\/p>\n<p><strong>100%Media : Qui sont vos concurrents ?<\/strong><\/p>\n<p><span style=\"font-weight: 400;\">T.C. : Sur la partie Hawk DSP, ce sont les grandes plateformes am\u00e9ricaines essentiellement (DV 360, The Trade Desk, Xandr) qui convergent toutes vers l\u2019omnichannel.<\/span><\/p>\n<p><span style=\"font-weight: 400;\">Sur la partie OMNI, ce sont les principaux trading desks et r\u00e9gies du march\u00e9, souvent centr\u00e9s sur un format ou un emplacement\u202f; un marqueur de diff\u00e9renciation notable est donc que nous sommes les seuls \u00e0 nous positionner sur l\u2019enjeu de l\u2019omnicanalit\u00e9 !<\/span><\/p>\n<p>&nbsp;<\/p>\n<p><strong>100%Media : Selon le barom\u00e8tre du programmatique, ce mode d\u2019achat a accus\u00e9 une forte baisse en 2022 (sauf sur l\u2019audio digital). Comment l\u2019expliquez-vous ?<\/strong><\/p>\n<p><span style=\"font-weight: 400;\">T.C. : En effet, alors que le premier semestre fut port\u00e9 par un optimisme d\u00e9cupl\u00e9, nous avons constat\u00e9 une frilosit\u00e9 du march\u00e9 \u00e0 partir de la fin du second trimestre, en raison du contexte g\u00e9opolitique et de l\u2019inflation.<\/span><\/p>\n<p><span style=\"font-weight: 400;\">Au-del\u00e0 de la seule baisse chiffr\u00e9e, il faut voir en 2022 une baisse du programmatique qui s\u2019explique notamment par une baisse de l\u2019open auction qui peut aussi s\u2019expliquer par une disparition progressive des cookies tiers et une plus grande difficult\u00e9 des entreprises de taille plus moyenne qui utilisaient beaucoup ce levier. Ce qui est notable c\u2019est que les marques premium ont fortement r\u00e9orient\u00e9 leurs achats vers des inventaires m\u00e9dia de qualit\u00e9, brand safe, et c\u2019est tant mieux, c\u2019est un signe de maturit\u00e9 pour le levier programmatique.<\/span><\/p>\n<p><span style=\"font-weight: 400;\">Au-del\u00e0 de cette maturit\u00e9, le levier programmatique est toujours porteur d\u2019innovations et il regorge d\u2019opportunit\u00e9s naissantes. Je pense notamment \u00e0 l\u2019optimisation des voies d\u2019acc\u00e8s aux inventaires (avec le SPO et le Header Bidding par exemple) ou encore le d\u00e9veloppement rapide de nouveaux KPI mesurables comme l\u2019attention publicitaire.<\/span><\/p>\n<p>&nbsp;<\/p>\n<p><strong>100%Media : Vous \u00eates le premier DSP sur l\u2019audio digital avec +65% de parts de march\u00e9. Comment souhaitez-vous consolider cette position sur un m\u00e9dia en plein boom et qui semble int\u00e9resser les poids lourds comme Google ?<\/strong><\/p>\n<p><span style=\"font-weight: 400;\">T.C. : Cette part de march\u00e9 en France illustre notre volont\u00e9 d\u2019accompagner la digitalisation des m\u00e9dias offline (Audio, OOH), d\u2019\u00eatre pionniers et d\u2019adapter nos produits et de les personnaliser aux sp\u00e9cificit\u00e9s locales.<\/span><\/p>\n<p><span style=\"font-weight: 400;\">L\u2019audio est un m\u00e9dia \u00ab national \u00bb propre \u00e0 chaque march\u00e9. <strong>Les groupes \u00e9diteurs, les radios et acteurs sont diff\u00e9rents d\u2019un pays \u00e0 l\u2019autre, et cela n\u00e9cessite une approche media buying sp\u00e9cifique.<\/strong> Hawk est un v\u00e9ritable partenaire local de ces acteurs, des \u00e9diteurs et le march\u00e9 ne s\u2019y trompe pas. La preuve avec notre part de march\u00e9 actuelle. D\u2019autres acteurs DSP sont fond\u00e9s sur la r\u00e9plication du m\u00eame mod\u00e8le, partout \u00e0 l\u2019international, et cela est, selon nous, oppos\u00e9 aux besoins du march\u00e9 pour maintenir sa valeur. La probl\u00e9matique est d\u2019ailleurs similaire pour le DOOH.<\/span><\/p>\n<p><span style=\"font-weight: 400;\">En compl\u00e9ment de cette connaissance des sp\u00e9cificit\u00e9s locales, nous allons poursuivre les innovations produit sur la partie DSP, tant en amont des campagnes (mediaplanning) qu\u2019en aval avec la cr\u00e9ativit\u00e9 audio puis la mesure de l\u2019attention.<\/span><\/p>\n<p>&nbsp;<\/p>\n<p><strong>100%Media : \u00ab L\u2019audio digital est encore sous-mon\u00e9tis\u00e9 \u00bb analyse le cabinet Oliver Wymann pour l\u2019<a href=\"https:\/\/100media.themedialeader.fr\/le-marche-de-lepub-en-hausse-de-10-en-2022-porte-par-le-search-et-la-video-malgre-un-coup-de-frein\">Observatoire de l\u2019epub<\/a>. Quelles actions menez-vous pour faire gagner de la valeur \u00e0 ce m\u00e9dia ?<\/strong><\/p>\n<p><span style=\"font-weight: 400;\">T.C. :\u00a0 C&rsquo;est effectivement un m\u00e9dia avec un potentiel de croissance encore tr\u00e8s important puisque :<\/span><\/p>\n<ul>\n<li style=\"font-weight: 400;\" aria-level=\"1\"><span style=\"font-weight: 400;\">les usages sont grandissants,<\/span><\/li>\n<li style=\"font-weight: 400;\" aria-level=\"1\"><span style=\"font-weight: 400;\">les audiences des diff\u00e9rents flux Digital Audio (streaming, podcast, webradio) progressent, gr\u00e2ce \u00e0 un acc\u00e8s facilit\u00e9, sur une grande vari\u00e9t\u00e9 d\u2019\u00e9crans (mobile, desktop, TV et enceintes connect\u00e9es),<\/span><\/li>\n<li style=\"font-weight: 400;\" aria-level=\"1\"><span style=\"font-weight: 400;\">l&rsquo;offre de contenus est de plus en plus riche,<\/span><\/li>\n<li style=\"font-weight: 400;\" aria-level=\"1\"><span style=\"font-weight: 400;\">et dans une ann\u00e9e o\u00f9 on parle de plus en plus d&rsquo;attention publicitaire, les environnements Audio Digital sont des \u00e9crins, pr\u00e9serv\u00e9s, avec une pression publicitaire raisonnable.<\/span><\/li>\n<\/ul>\n<p><span style=\"font-weight: 400;\">La particularit\u00e9 de l&rsquo;audio digital est qu&rsquo;il est achet\u00e9 \/ trad\u00e9 par 2 typologies d&rsquo;\u00e9quipes chez nos partenaires agences.<\/span><\/p>\n<p><span style=\"font-weight: 400;\">D&rsquo;une part, les \u00e9quipes Radio qui l&rsquo;activent souvent en compl\u00e9ment d&rsquo;un plan radio lin\u00e9aire et notre r\u00f4le est de les accompagner dans la programmatisation de ces campagnes en fournissant beaucoup de support de conseil et d&rsquo;accompagnement.<\/span><\/p>\n<p><span style=\"font-weight: 400;\">D\u2019autre part, les \u00e9quipes Digital pour qui nous nous effor\u00e7ons de mettre en avant de nouveaux outils innovants, afin de les aider \u00e0 identifier tous les \u00e9diteurs de contenus Digital Audio. C\u2019est notamment la gen\u00e8se de notre produit Audio Planner, qui permet aux utilisateurs de Hawk DSP de visualiser, identifier et s\u00e9lectionner tous les flux audios Digital Audio activables en programmatique.<\/span><\/p>\n<p><span style=\"font-weight: 400;\">Au-del\u00e0 de la pure prestation technologique, c\u2019est aussi notre r\u00f4le d\u2019accompagner ce changement, et cela se traduit sur l&rsquo;audio digital par cette double approche.<\/span><\/p>\n<p>&nbsp;<\/p>\n<p><strong>100%Media : Les mesures d\u2019efficacit\u00e9 deviennent centrales dans les strat\u00e9gies m\u00e9dia. Comment vos outils r\u00e9pondent-t-ils \u00e0 ces besoins dans des strat\u00e9gies omnicanales ?<\/strong><\/p>\n<p><span style=\"font-weight: 400;\">T.C. :\u00a0 Nous proposons en effet une mesure full funnel centr\u00e9e autour du Branding et du Drive-to-Store, avec des solutions propri\u00e9taires ainsi que des solutions externes compl\u00e9mentaires pour aller si besoin jusqu\u2019\u00e0 l\u2019analyse des ventes en magasin avec de la donn\u00e9e issue des caisses.<\/span><\/p>\n<p><span style=\"font-weight: 400;\">L&rsquo;int\u00e9r\u00eat de <strong>mesurer l\u2019activation omnicanale<\/strong> via un seul acteur comme Hawk est de pouvoir attribuer pr\u00e9cis\u00e9ment l\u2019impact et la contribution d\u2019un m\u00e9dia (ou d\u2019une combinaison media) versus un autre sur les performances d\u2019une campagne.<\/span><\/p>\n<p>&nbsp;<\/p>\n<p><strong>100%Media : Apr\u00e8s un travail par m\u00e9dia, vous comptez verticaliser par secteur d\u2019annonceurs (Retail, FMCG, Automobile, Luxe, Beaut\u00e9). Quelle est votre strat\u00e9gie ?<\/strong><\/p>\n<p><span style=\"font-weight: 400;\">T.C. :\u00a0 Nous avons en effet commenc\u00e9 la verticalisation sur les secteurs Retail\/FMCG et Automobile, et comptons poursuivre cette d\u00e9marche. Cela nous permet d\u2019<strong>apporter des solutions sur mesure, parfaitement adapt\u00e9es aux enjeux des diff\u00e9rents secteurs<\/strong>. Par exemple, de nouvelles exp\u00e9riences cr\u00e9atives premium pour le Luxe, l\u2019analyse de la fr\u00e9quentation des concessions pour l\u2019automobile, l\u2019accompagnement du lancement de nouveaux produits pour le FMCG ou encore la digitalisation des catalogues\u2026 pour des activations toujours plus performantes.<\/span><\/p>\n<p>&nbsp;<\/p>\n<p><strong>100%Media : Comment envisagez-vous votre expansion \u00e0 l\u2019international ?<\/strong><\/p>\n<p><span style=\"font-weight: 400;\">T.C. :\u00a0 Apr\u00e8s l\u2019Allemagne et le Royaume-Uni en 2016, nous avons r\u00e9cemment inaugur\u00e9 de nouveaux bureaux <\/span><span style=\"font-weight: 400;\">en Espagne et en Belgique<\/span><span style=\"font-weight: 400;\">. La maturit\u00e9 sur le sujet de l\u2019omnicanalit\u00e9 est naissante sur ces march\u00e9s, et nous sommes convaincus que nous avons un r\u00f4le \u00e0 jouer dans l\u2019\u00e9vang\u00e9lisation de ce sujet avec nos diff\u00e9rentes solutions.<\/span><\/p>\n<p><span style=\"font-weight: 400;\">En parall\u00e8le, nous regardons constamment les nouvelles opportunit\u00e9s pour d\u00e9velopper encore un peu plus notre empreinte \u00e0 l\u2019\u00e9chelle europ\u00e9enne, soit sur de nouveaux pays, soit sur de nouvelles r\u00e9gions en local.<\/span><\/p>\n<p>&nbsp;<\/p>\n<p><strong>100%Media : Comment voyez-vous le march\u00e9 publicitaire en 2023 ?<\/strong><\/p>\n<p><span style=\"font-weight: 400;\">T.C. :\u00a0 Il y aura, selon nous, une poursuite de la rationalisation des investissements de la part des agences m\u00e9dia et des annonceurs. Cela va se traduire par une recherche accrue de garantie m\u00e9dia, avec une priorisation des m\u00e9dias et des activations les plus performantes \/ ROIstes. L\u2019app\u00e9tence pour les outils de mesure publicitaire devrait donc se renforcer.\u00a0\u00a0<\/span><\/p>\n<p><span style=\"font-weight: 400;\">Un sujet cl\u00e9 pour le march\u00e9 cette ann\u00e9e restera \u00e9galement la <strong>mesure et la r\u00e9duction de l\u2019impact carbone des campagnes publicitaires<\/strong>. Avec une croissance de +10% en France l&rsquo;ann\u00e9e derni\u00e8re (selon le dernier observatoire de l&rsquo;e-pub publi\u00e9 par le SRI), le secteur tend \u00e0 multiplier ses \u00e9missions de CO2 et nous nous devons d\u2019accompagner les agences m\u00e9dia et les annonceurs avec des leviers concrets pour agir.<\/span><\/p>\n<p><span style=\"font-weight: 400;\">Enfin, l\u2019accompagnement op\u00e9rationnel sera \u00e9galement un besoin fort pour le march\u00e9 cette ann\u00e9e, dans un contexte de p\u00e9nurie de talents au sein de notre industrie.<\/span><\/p>\n<p>&nbsp;<\/p>\n<p><em><span style=\"font-weight: 400;\">Propos recueillis par Fran\u00e7ois Quairel<\/span><\/em><\/p>\n","protected":false},"excerpt":{"rendered":"<p>Nouveau Managing Director France de Hawk, Thibaud Chevalier \u00e9tait r\u00e9cemment l&rsquo;invit\u00e9 du lundi de 100%Media. Il dresse le bilan d&rsquo;une ann\u00e9e 2022 riche en nouvelles actualit\u00e9s et partage les d\u00e9fis \u00e0 venir pour 2023. Croissance, positionnement, ambitions, vision du march\u00e9 publicitaire pour l&rsquo;ann\u00e9e \u00e0 venir&#8230; D\u00e9couvrez l\u2019interview. &nbsp; 100%Media : Vous avez \u00e9t\u00e9 nomm\u00e9 Managing [&hellip;]<\/p>\n","protected":false},"author":6,"featured_media":8461,"comment_status":"closed","ping_status":"open","sticky":false,"template":"","format":"standard","meta":{"_et_pb_use_builder":"","_et_pb_old_content":"","_et_gb_content_width":"","content-type":"","footnotes":""},"categories":[56],"tags":[],"class_list":["post-8460","post","type-post","status-publish","format-standard","has-post-thumbnail","hentry","category-communiques-de-presse"],"yoast_head":"<!-- This site is optimized with the Yoast SEO plugin v27.3 - https:\/\/yoast.com\/product\/yoast-seo-wordpress\/ -->\n<title>Thibaud Chevalier, l&#039;interview du lundi par 100%Media - Hawk<\/title>\n<meta name=\"description\" content=\"Nouveau Managing Director France de Hawk, Thibaud Chevalier \u00e9tait r\u00e9cemment l&#039;invit\u00e9 du lundi de 100%Media. Il dresse le bilan d&#039;une ann\u00e9e 2022 riche en nouvelles actualit\u00e9s et partage les d\u00e9fis \u00e0 venir pour 2023.\" \/>\n<meta name=\"robots\" content=\"index, follow, max-snippet:-1, max-image-preview:large, max-video-preview:-1\" \/>\n<link rel=\"canonical\" href=\"https:\/\/hawk-tech.io\/fr\/thibaud-chevalier-linterview-du-lundi-par-100media\/\" \/>\n<meta property=\"og:locale\" content=\"fr_FR\" \/>\n<meta property=\"og:type\" content=\"article\" \/>\n<meta property=\"og:title\" content=\"Thibaud Chevalier, l&#039;interview du lundi par 100%Media - Hawk\" \/>\n<meta property=\"og:description\" content=\"Nouveau Managing Director France de Hawk, Thibaud Chevalier \u00e9tait r\u00e9cemment l&#039;invit\u00e9 du lundi de 100%Media. Il dresse le bilan d&#039;une ann\u00e9e 2022 riche en nouvelles actualit\u00e9s et partage les d\u00e9fis \u00e0 venir pour 2023.\" \/>\n<meta property=\"og:url\" content=\"https:\/\/hawk-tech.io\/fr\/thibaud-chevalier-linterview-du-lundi-par-100media\/\" \/>\n<meta property=\"og:site_name\" content=\"Hawk\" \/>\n<meta property=\"article:published_time\" content=\"2023-02-28T09:23:51+00:00\" \/>\n<meta property=\"article:modified_time\" content=\"2023-02-28T09:29:14+00:00\" \/>\n<meta property=\"og:image\" content=\"https:\/\/hawk-tech.io\/wp-content\/uploads\/2023\/02\/Photo-Thibaud-C.-Hawk-scaled.jpg\" \/>\n\t<meta property=\"og:image:width\" content=\"2560\" \/>\n\t<meta property=\"og:image:height\" content=\"1922\" \/>\n\t<meta property=\"og:image:type\" content=\"image\/jpeg\" \/>\n<meta name=\"author\" content=\"Lucie Marand\" \/>\n<meta name=\"twitter:card\" content=\"summary_large_image\" \/>\n<meta name=\"twitter:label1\" content=\"\u00c9crit par\" \/>\n\t<meta name=\"twitter:data1\" content=\"Lucie Marand\" \/>\n\t<meta name=\"twitter:label2\" content=\"Dur\u00e9e de lecture estim\u00e9e\" \/>\n\t<meta name=\"twitter:data2\" content=\"10 minutes\" \/>\n<script type=\"application\/ld+json\" class=\"yoast-schema-graph\">{\"@context\":\"https:\\\/\\\/schema.org\",\"@graph\":[{\"@type\":\"Article\",\"@id\":\"https:\\\/\\\/hawk-tech.io\\\/fr\\\/thibaud-chevalier-linterview-du-lundi-par-100media\\\/#article\",\"isPartOf\":{\"@id\":\"https:\\\/\\\/hawk-tech.io\\\/fr\\\/thibaud-chevalier-linterview-du-lundi-par-100media\\\/\"},\"author\":{\"name\":\"Lucie Marand\",\"@id\":\"https:\\\/\\\/hawk-tech.io\\\/fr\\\/#\\\/schema\\\/person\\\/c24ef62ab2108c472e8c45296446ae16\"},\"headline\":\"Thibaud Chevalier, l&rsquo;interview du lundi par 100%Media\",\"datePublished\":\"2023-02-28T09:23:51+00:00\",\"dateModified\":\"2023-02-28T09:29:14+00:00\",\"mainEntityOfPage\":{\"@id\":\"https:\\\/\\\/hawk-tech.io\\\/fr\\\/thibaud-chevalier-linterview-du-lundi-par-100media\\\/\"},\"wordCount\":2378,\"publisher\":{\"@id\":\"https:\\\/\\\/hawk-tech.io\\\/fr\\\/#organization\"},\"image\":{\"@id\":\"https:\\\/\\\/hawk-tech.io\\\/fr\\\/thibaud-chevalier-linterview-du-lundi-par-100media\\\/#primaryimage\"},\"thumbnailUrl\":\"https:\\\/\\\/hawk-tech.io\\\/wp-content\\\/uploads\\\/2023\\\/02\\\/Photo-Thibaud-C.-Hawk-scaled.jpg\",\"articleSection\":[\"Communiqu\u00e9s de presse\"],\"inLanguage\":\"fr-FR\"},{\"@type\":\"WebPage\",\"@id\":\"https:\\\/\\\/hawk-tech.io\\\/fr\\\/thibaud-chevalier-linterview-du-lundi-par-100media\\\/\",\"url\":\"https:\\\/\\\/hawk-tech.io\\\/fr\\\/thibaud-chevalier-linterview-du-lundi-par-100media\\\/\",\"name\":\"Thibaud Chevalier, l'interview du lundi par 100%Media - Hawk\",\"isPartOf\":{\"@id\":\"https:\\\/\\\/hawk-tech.io\\\/fr\\\/#website\"},\"primaryImageOfPage\":{\"@id\":\"https:\\\/\\\/hawk-tech.io\\\/fr\\\/thibaud-chevalier-linterview-du-lundi-par-100media\\\/#primaryimage\"},\"image\":{\"@id\":\"https:\\\/\\\/hawk-tech.io\\\/fr\\\/thibaud-chevalier-linterview-du-lundi-par-100media\\\/#primaryimage\"},\"thumbnailUrl\":\"https:\\\/\\\/hawk-tech.io\\\/wp-content\\\/uploads\\\/2023\\\/02\\\/Photo-Thibaud-C.-Hawk-scaled.jpg\",\"datePublished\":\"2023-02-28T09:23:51+00:00\",\"dateModified\":\"2023-02-28T09:29:14+00:00\",\"description\":\"Nouveau Managing Director France de Hawk, Thibaud Chevalier \u00e9tait r\u00e9cemment l'invit\u00e9 du lundi de 100%Media. Il dresse le bilan d'une ann\u00e9e 2022 riche en nouvelles actualit\u00e9s et partage les d\u00e9fis \u00e0 venir pour 2023.\",\"inLanguage\":\"fr-FR\",\"potentialAction\":[{\"@type\":\"ReadAction\",\"target\":[\"https:\\\/\\\/hawk-tech.io\\\/fr\\\/thibaud-chevalier-linterview-du-lundi-par-100media\\\/\"]}]},{\"@type\":\"ImageObject\",\"inLanguage\":\"fr-FR\",\"@id\":\"https:\\\/\\\/hawk-tech.io\\\/fr\\\/thibaud-chevalier-linterview-du-lundi-par-100media\\\/#primaryimage\",\"url\":\"https:\\\/\\\/hawk-tech.io\\\/wp-content\\\/uploads\\\/2023\\\/02\\\/Photo-Thibaud-C.-Hawk-scaled.jpg\",\"contentUrl\":\"https:\\\/\\\/hawk-tech.io\\\/wp-content\\\/uploads\\\/2023\\\/02\\\/Photo-Thibaud-C.-Hawk-scaled.jpg\",\"width\":2560,\"height\":1922,\"caption\":\"Thibaud Chevalier\"},{\"@type\":\"WebSite\",\"@id\":\"https:\\\/\\\/hawk-tech.io\\\/fr\\\/#website\",\"url\":\"https:\\\/\\\/hawk-tech.io\\\/fr\\\/\",\"name\":\"Hawk\",\"description\":\"Making Omnichannel Advertising easier!\",\"publisher\":{\"@id\":\"https:\\\/\\\/hawk-tech.io\\\/fr\\\/#organization\"},\"potentialAction\":[{\"@type\":\"SearchAction\",\"target\":{\"@type\":\"EntryPoint\",\"urlTemplate\":\"https:\\\/\\\/hawk-tech.io\\\/fr\\\/?s={search_term_string}\"},\"query-input\":{\"@type\":\"PropertyValueSpecification\",\"valueRequired\":true,\"valueName\":\"search_term_string\"}}],\"inLanguage\":\"fr-FR\"},{\"@type\":\"Organization\",\"@id\":\"https:\\\/\\\/hawk-tech.io\\\/fr\\\/#organization\",\"name\":\"Hawk\",\"url\":\"https:\\\/\\\/hawk-tech.io\\\/fr\\\/\",\"logo\":{\"@type\":\"ImageObject\",\"inLanguage\":\"fr-FR\",\"@id\":\"https:\\\/\\\/hawk-tech.io\\\/fr\\\/#\\\/schema\\\/logo\\\/image\\\/\",\"url\":\"https:\\\/\\\/hawk-tech.io\\\/wp-content\\\/uploads\\\/2022\\\/03\\\/Hawk_logo.png\",\"contentUrl\":\"https:\\\/\\\/hawk-tech.io\\\/wp-content\\\/uploads\\\/2022\\\/03\\\/Hawk_logo.png\",\"width\":600,\"height\":250,\"caption\":\"Hawk\"},\"image\":{\"@id\":\"https:\\\/\\\/hawk-tech.io\\\/fr\\\/#\\\/schema\\\/logo\\\/image\\\/\"}},{\"@type\":\"Person\",\"@id\":\"https:\\\/\\\/hawk-tech.io\\\/fr\\\/#\\\/schema\\\/person\\\/c24ef62ab2108c472e8c45296446ae16\",\"name\":\"Lucie Marand\",\"image\":{\"@type\":\"ImageObject\",\"inLanguage\":\"fr-FR\",\"@id\":\"https:\\\/\\\/hawk-tech.io\\\/wp-content\\\/litespeed\\\/avatar\\\/82e0a1e1b09c9a9b4c9ed6cfffdf3b96.jpg?ver=1776864650\",\"url\":\"https:\\\/\\\/hawk-tech.io\\\/wp-content\\\/litespeed\\\/avatar\\\/82e0a1e1b09c9a9b4c9ed6cfffdf3b96.jpg?ver=1776864650\",\"contentUrl\":\"https:\\\/\\\/hawk-tech.io\\\/wp-content\\\/litespeed\\\/avatar\\\/82e0a1e1b09c9a9b4c9ed6cfffdf3b96.jpg?ver=1776864650\",\"caption\":\"Lucie Marand\"},\"url\":\"https:\\\/\\\/hawk-tech.io\\\/fr\\\/author\\\/lucie\\\/\"}]}<\/script>\n<!-- \/ Yoast SEO plugin. -->","yoast_head_json":{"title":"Thibaud Chevalier, l'interview du lundi par 100%Media - Hawk","description":"Nouveau Managing Director France de Hawk, Thibaud Chevalier \u00e9tait r\u00e9cemment l'invit\u00e9 du lundi de 100%Media. Il dresse le bilan d'une ann\u00e9e 2022 riche en nouvelles actualit\u00e9s et partage les d\u00e9fis \u00e0 venir pour 2023.","robots":{"index":"index","follow":"follow","max-snippet":"max-snippet:-1","max-image-preview":"max-image-preview:large","max-video-preview":"max-video-preview:-1"},"canonical":"https:\/\/hawk-tech.io\/fr\/thibaud-chevalier-linterview-du-lundi-par-100media\/","og_locale":"fr_FR","og_type":"article","og_title":"Thibaud Chevalier, l'interview du lundi par 100%Media - Hawk","og_description":"Nouveau Managing Director France de Hawk, Thibaud Chevalier \u00e9tait r\u00e9cemment l'invit\u00e9 du lundi de 100%Media. Il dresse le bilan d'une ann\u00e9e 2022 riche en nouvelles actualit\u00e9s et partage les d\u00e9fis \u00e0 venir pour 2023.","og_url":"https:\/\/hawk-tech.io\/fr\/thibaud-chevalier-linterview-du-lundi-par-100media\/","og_site_name":"Hawk","article_published_time":"2023-02-28T09:23:51+00:00","article_modified_time":"2023-02-28T09:29:14+00:00","og_image":[{"width":2560,"height":1922,"url":"https:\/\/hawk-tech.io\/wp-content\/uploads\/2023\/02\/Photo-Thibaud-C.-Hawk-scaled.jpg","type":"image\/jpeg"}],"author":"Lucie Marand","twitter_card":"summary_large_image","twitter_misc":{"\u00c9crit par":"Lucie Marand","Dur\u00e9e de lecture estim\u00e9e":"10 minutes"},"schema":{"@context":"https:\/\/schema.org","@graph":[{"@type":"Article","@id":"https:\/\/hawk-tech.io\/fr\/thibaud-chevalier-linterview-du-lundi-par-100media\/#article","isPartOf":{"@id":"https:\/\/hawk-tech.io\/fr\/thibaud-chevalier-linterview-du-lundi-par-100media\/"},"author":{"name":"Lucie Marand","@id":"https:\/\/hawk-tech.io\/fr\/#\/schema\/person\/c24ef62ab2108c472e8c45296446ae16"},"headline":"Thibaud Chevalier, l&rsquo;interview du lundi par 100%Media","datePublished":"2023-02-28T09:23:51+00:00","dateModified":"2023-02-28T09:29:14+00:00","mainEntityOfPage":{"@id":"https:\/\/hawk-tech.io\/fr\/thibaud-chevalier-linterview-du-lundi-par-100media\/"},"wordCount":2378,"publisher":{"@id":"https:\/\/hawk-tech.io\/fr\/#organization"},"image":{"@id":"https:\/\/hawk-tech.io\/fr\/thibaud-chevalier-linterview-du-lundi-par-100media\/#primaryimage"},"thumbnailUrl":"https:\/\/hawk-tech.io\/wp-content\/uploads\/2023\/02\/Photo-Thibaud-C.-Hawk-scaled.jpg","articleSection":["Communiqu\u00e9s de presse"],"inLanguage":"fr-FR"},{"@type":"WebPage","@id":"https:\/\/hawk-tech.io\/fr\/thibaud-chevalier-linterview-du-lundi-par-100media\/","url":"https:\/\/hawk-tech.io\/fr\/thibaud-chevalier-linterview-du-lundi-par-100media\/","name":"Thibaud Chevalier, l'interview du lundi par 100%Media - Hawk","isPartOf":{"@id":"https:\/\/hawk-tech.io\/fr\/#website"},"primaryImageOfPage":{"@id":"https:\/\/hawk-tech.io\/fr\/thibaud-chevalier-linterview-du-lundi-par-100media\/#primaryimage"},"image":{"@id":"https:\/\/hawk-tech.io\/fr\/thibaud-chevalier-linterview-du-lundi-par-100media\/#primaryimage"},"thumbnailUrl":"https:\/\/hawk-tech.io\/wp-content\/uploads\/2023\/02\/Photo-Thibaud-C.-Hawk-scaled.jpg","datePublished":"2023-02-28T09:23:51+00:00","dateModified":"2023-02-28T09:29:14+00:00","description":"Nouveau Managing Director France de Hawk, Thibaud Chevalier \u00e9tait r\u00e9cemment l'invit\u00e9 du lundi de 100%Media. Il dresse le bilan d'une ann\u00e9e 2022 riche en nouvelles actualit\u00e9s et partage les d\u00e9fis \u00e0 venir pour 2023.","inLanguage":"fr-FR","potentialAction":[{"@type":"ReadAction","target":["https:\/\/hawk-tech.io\/fr\/thibaud-chevalier-linterview-du-lundi-par-100media\/"]}]},{"@type":"ImageObject","inLanguage":"fr-FR","@id":"https:\/\/hawk-tech.io\/fr\/thibaud-chevalier-linterview-du-lundi-par-100media\/#primaryimage","url":"https:\/\/hawk-tech.io\/wp-content\/uploads\/2023\/02\/Photo-Thibaud-C.-Hawk-scaled.jpg","contentUrl":"https:\/\/hawk-tech.io\/wp-content\/uploads\/2023\/02\/Photo-Thibaud-C.-Hawk-scaled.jpg","width":2560,"height":1922,"caption":"Thibaud Chevalier"},{"@type":"WebSite","@id":"https:\/\/hawk-tech.io\/fr\/#website","url":"https:\/\/hawk-tech.io\/fr\/","name":"Hawk","description":"Making Omnichannel Advertising easier!","publisher":{"@id":"https:\/\/hawk-tech.io\/fr\/#organization"},"potentialAction":[{"@type":"SearchAction","target":{"@type":"EntryPoint","urlTemplate":"https:\/\/hawk-tech.io\/fr\/?s={search_term_string}"},"query-input":{"@type":"PropertyValueSpecification","valueRequired":true,"valueName":"search_term_string"}}],"inLanguage":"fr-FR"},{"@type":"Organization","@id":"https:\/\/hawk-tech.io\/fr\/#organization","name":"Hawk","url":"https:\/\/hawk-tech.io\/fr\/","logo":{"@type":"ImageObject","inLanguage":"fr-FR","@id":"https:\/\/hawk-tech.io\/fr\/#\/schema\/logo\/image\/","url":"https:\/\/hawk-tech.io\/wp-content\/uploads\/2022\/03\/Hawk_logo.png","contentUrl":"https:\/\/hawk-tech.io\/wp-content\/uploads\/2022\/03\/Hawk_logo.png","width":600,"height":250,"caption":"Hawk"},"image":{"@id":"https:\/\/hawk-tech.io\/fr\/#\/schema\/logo\/image\/"}},{"@type":"Person","@id":"https:\/\/hawk-tech.io\/fr\/#\/schema\/person\/c24ef62ab2108c472e8c45296446ae16","name":"Lucie Marand","image":{"@type":"ImageObject","inLanguage":"fr-FR","@id":"https:\/\/hawk-tech.io\/wp-content\/litespeed\/avatar\/82e0a1e1b09c9a9b4c9ed6cfffdf3b96.jpg?ver=1776864650","url":"https:\/\/hawk-tech.io\/wp-content\/litespeed\/avatar\/82e0a1e1b09c9a9b4c9ed6cfffdf3b96.jpg?ver=1776864650","contentUrl":"https:\/\/hawk-tech.io\/wp-content\/litespeed\/avatar\/82e0a1e1b09c9a9b4c9ed6cfffdf3b96.jpg?ver=1776864650","caption":"Lucie Marand"},"url":"https:\/\/hawk-tech.io\/fr\/author\/lucie\/"}]}},"_links":{"self":[{"href":"https:\/\/hawk-tech.io\/fr\/wp-json\/wp\/v2\/posts\/8460","targetHints":{"allow":["GET"]}}],"collection":[{"href":"https:\/\/hawk-tech.io\/fr\/wp-json\/wp\/v2\/posts"}],"about":[{"href":"https:\/\/hawk-tech.io\/fr\/wp-json\/wp\/v2\/types\/post"}],"author":[{"embeddable":true,"href":"https:\/\/hawk-tech.io\/fr\/wp-json\/wp\/v2\/users\/6"}],"replies":[{"embeddable":true,"href":"https:\/\/hawk-tech.io\/fr\/wp-json\/wp\/v2\/comments?post=8460"}],"version-history":[{"count":3,"href":"https:\/\/hawk-tech.io\/fr\/wp-json\/wp\/v2\/posts\/8460\/revisions"}],"predecessor-version":[{"id":8467,"href":"https:\/\/hawk-tech.io\/fr\/wp-json\/wp\/v2\/posts\/8460\/revisions\/8467"}],"wp:featuredmedia":[{"embeddable":true,"href":"https:\/\/hawk-tech.io\/fr\/wp-json\/wp\/v2\/media\/8461"}],"wp:attachment":[{"href":"https:\/\/hawk-tech.io\/fr\/wp-json\/wp\/v2\/media?parent=8460"}],"wp:term":[{"taxonomy":"category","embeddable":true,"href":"https:\/\/hawk-tech.io\/fr\/wp-json\/wp\/v2\/categories?post=8460"},{"taxonomy":"post_tag","embeddable":true,"href":"https:\/\/hawk-tech.io\/fr\/wp-json\/wp\/v2\/tags?post=8460"}],"curies":[{"name":"wp","href":"https:\/\/api.w.org\/{rel}","templated":true}]}}